{"id":30243,"date":"2023-03-03T02:17:00","date_gmt":"2023-03-03T02:17:00","guid":{"rendered":"http:\/\/audiocenter.cc\/audiocenter-participo-en-la-feria-ise-2023-integrated-europe-systems\/"},"modified":"2023-09-08T10:56:47","modified_gmt":"2023-09-08T10:56:47","slug":"audiocenter-participo-en-la-feria-ise-2023-integrated-europe-systems","status":"publish","type":"post","link":"https:\/\/audiocenter.com\/es\/audiocenter-participo-en-la-feria-ise-2023-integrated-europe-systems\/","title":{"rendered":"Audiocenter particip\u00f3 en la feria ISE 2023 (Integrated Europe Systems)"},"content":{"rendered":"\n<p><\/p>\n\n<p>Audiocenter ha participado en la reciente feria ISE 2023 (Integrated Europe Systems) en Barcelona, Espa\u00f1a, y estamos encantados de haber formado parte de esta feria y de la fant\u00e1stica afluencia de p\u00fablico. Fue un honor conectar con tantos profesionales del sector de muchos pa\u00edses y tambi\u00e9n con nuestros estimados socios.<\/p>\n\n<p>Audiocenter expuso numerosos productos en su stand. Empezando por Artist, nuestra serie de audio comercial junto con los amplificadores multicanal y el procesador Matrix muestran soluciones innovadoras. En la categor\u00eda de productos activos, contamos con varios productos que van desde la serie MA de Point Source y la serie SA3 junto con nuestros altavoces activos de columna de la serie L y line array activos como Artist T45-DSP con su subwoofer a juego Artist T115S-DSP en la categor\u00eda de line array medio contamos con nuestro sistema K-LA210-DSP con su subwoofer a juego K-LA218-DSP y line array K-LA12A. En el stand se hicieron demostraciones de todos los productos y nos complace decir que tuvimos una magn\u00edfica acogida en la feria ISE 2023.<\/p>\n\n<p>Gracias por la maravillosa experiencia y \u00a1a por otro a\u00f1o de \u00e9xitos en la ISE!<\/p>\n\n<p>Juntos somos m\u00e1s fuertes<\/p>\n\n<figure class=\"wp-block-gallery has-nested-images columns-default is-cropped wp-block-gallery-1 is-layout-flex wp-block-gallery-is-layout-flex\">\n<figure class=\"wp-block-image size-large\"><a href=\"https:\/\/audiocenter.net\/wp-content\/uploads\/2023\/08\/2023ise-3.jpg\" target=\"_blank\" rel=\"noopener\"><img fetchpriority=\"high\" decoding=\"async\" width=\"1024\" height=\"473\" data-id=\"20972\" src=\"https:\/\/audiocenter.net\/wp-content\/uploads\/2023\/08\/2023ise-3-1024x473.jpg\" alt=\"\" class=\"wp-image-20972\" srcset=\"https:\/\/audiocenter.com\/wp-content\/uploads\/2023\/08\/2023ise-3-1024x473.jpg 1024w, https:\/\/audiocenter.com\/wp-content\/uploads\/2023\/08\/2023ise-3-1000x461.jpg 1000w, https:\/\/audiocenter.com\/wp-content\/uploads\/2023\/08\/2023ise-3-300x138.jpg 300w, https:\/\/audiocenter.com\/wp-content\/uploads\/2023\/08\/2023ise-3-768x354.jpg 768w, https:\/\/audiocenter.com\/wp-content\/uploads\/2023\/08\/2023ise-3-1536x709.jpg 1536w, https:\/\/audiocenter.com\/wp-content\/uploads\/2023\/08\/2023ise-3.jpg 1920w\" sizes=\"(max-width: 1024px) 100vw, 1024px\" \/><\/a><\/figure>\n\n\n<figure class=\"wp-block-image size-large\"><a href=\"https:\/\/audiocenter.net\/wp-content\/uploads\/2023\/08\/2023ise-2-scaled.jpg\" target=\"_blank\" rel=\"noopener\"><img decoding=\"async\" width=\"1024\" height=\"768\" data-id=\"20966\" src=\"https:\/\/audiocenter.net\/wp-content\/uploads\/2023\/08\/2023ise-2-1024x768.jpg\" alt=\"\" class=\"wp-image-20966\" srcset=\"https:\/\/audiocenter.com\/wp-content\/uploads\/2023\/08\/2023ise-2-1024x768.jpg 1024w, https:\/\/audiocenter.com\/wp-content\/uploads\/2023\/08\/2023ise-2-scaled-1000x750.jpg 1000w, https:\/\/audiocenter.com\/wp-content\/uploads\/2023\/08\/2023ise-2-300x225.jpg 300w, https:\/\/audiocenter.com\/wp-content\/uploads\/2023\/08\/2023ise-2-768x576.jpg 768w, https:\/\/audiocenter.com\/wp-content\/uploads\/2023\/08\/2023ise-2-1536x1152.jpg 1536w, https:\/\/audiocenter.com\/wp-content\/uploads\/2023\/08\/2023ise-2-2048x1536.jpg 2048w\" sizes=\"(max-width: 1024px) 100vw, 1024px\" \/><\/a><\/figure>\n\n\n<figure class=\"wp-block-image size-large\"><a href=\"https:\/\/audiocenter.net\/wp-content\/uploads\/2023\/08\/2023ise-1-scaled.jpg\" target=\"_blank\" rel=\"noopener\"><img decoding=\"async\" width=\"1024\" height=\"768\" data-id=\"20960\" src=\"https:\/\/audiocenter.net\/wp-content\/uploads\/2023\/08\/2023ise-1-1024x768.jpg\" alt=\"\" class=\"wp-image-20960\" srcset=\"https:\/\/audiocenter.com\/wp-content\/uploads\/2023\/08\/2023ise-1-1024x768.jpg 1024w, https:\/\/audiocenter.com\/wp-content\/uploads\/2023\/08\/2023ise-1-scaled-1000x750.jpg 1000w, https:\/\/audiocenter.com\/wp-content\/uploads\/2023\/08\/2023ise-1-300x225.jpg 300w, https:\/\/audiocenter.com\/wp-content\/uploads\/2023\/08\/2023ise-1-768x576.jpg 768w, https:\/\/audiocenter.com\/wp-content\/uploads\/2023\/08\/2023ise-1-1536x1152.jpg 1536w, https:\/\/audiocenter.com\/wp-content\/uploads\/2023\/08\/2023ise-1-2048x1536.jpg 2048w\" sizes=\"(max-width: 1024px) 100vw, 1024px\" \/><\/a><\/figure><\/figure>\n","protected":false},"excerpt":{"rendered":"<p>Audiocenter ha participado en la reciente feria ISE 2023 (Integrated Europe Systems) en Barcelona, Espa\u00f1a, y estamos encantados de haber formado parte de esta feria y de la fant\u00e1stica afluencia de p\u00fablico. Fue un honor conectar con tantos profesionales del sector de muchos pa\u00edses y tambi\u00e9n con nuestros estimados socios. Audiocenter expuso numerosos productos en&hellip;<\/p>\n","protected":false},"author":1,"featured_media":0,"comment_status":"open","ping_status":"open","sticky":false,"template":"","format":"standard","meta":{"footnotes":""},"categories":[357],"tags":[],"class_list":["post-30243","post","type-post","status-publish","format-standard","hentry","category-noticias-de-empresa","category-357","description-off"],"_links":{"self":[{"href":"https:\/\/audiocenter.com\/es\/wp-json\/wp\/v2\/posts\/30243","targetHints":{"allow":["GET"]}}],"collection":[{"href":"https:\/\/audiocenter.com\/es\/wp-json\/wp\/v2\/posts"}],"about":[{"href":"https:\/\/audiocenter.com\/es\/wp-json\/wp\/v2\/types\/post"}],"author":[{"embeddable":true,"href":"https:\/\/audiocenter.com\/es\/wp-json\/wp\/v2\/users\/1"}],"replies":[{"embeddable":true,"href":"https:\/\/audiocenter.com\/es\/wp-json\/wp\/v2\/comments?post=30243"}],"version-history":[{"count":1,"href":"https:\/\/audiocenter.com\/es\/wp-json\/wp\/v2\/posts\/30243\/revisions"}],"predecessor-version":[{"id":30250,"href":"https:\/\/audiocenter.com\/es\/wp-json\/wp\/v2\/posts\/30243\/revisions\/30250"}],"wp:attachment":[{"href":"https:\/\/audiocenter.com\/es\/wp-json\/wp\/v2\/media?parent=30243"}],"wp:term":[{"taxonomy":"category","embeddable":true,"href":"https:\/\/audiocenter.com\/es\/wp-json\/wp\/v2\/categories?post=30243"},{"taxonomy":"post_tag","embeddable":true,"href":"https:\/\/audiocenter.com\/es\/wp-json\/wp\/v2\/tags?post=30243"}],"curies":[{"name":"wp","href":"https:\/\/api.w.org\/{rel}","templated":true}]}}